{"id":19938,"date":"2025-09-26T21:44:05","date_gmt":"2025-09-26T21:44:05","guid":{"rendered":"http:\/\/materialy.pagestrony.pl\/?p=19938"},"modified":"2025-09-26T21:44:05","modified_gmt":"2025-09-26T21:44:05","slug":"organizacja-projektow-aranzacji-wnetrz","status":"publish","type":"post","link":"http:\/\/materialy.pagestrony.pl\/?p=19938","title":{"rendered":"Organizacja projekt\u00f3w aran\u017cacji wn\u0119trz"},"content":{"rendered":"<p>Tworzenie przestrzeni mieszkalnej albo u\u017cytkowej wymaga przemy\u015blanego podej\u015bcia, kt\u00f3re \u0142\u0105czy funkcjonalno\u015b\u0107 z estetyk\u0105. Kompleksowe wyko\u0144czenie wn\u0119trz obejmuje szereg dzia\u0142a\u0144 maj\u0105cych na celu przygotowanie pomieszcze\u0144 do codziennego u\u017cytkowania, od prac budowlanych i instalacyjnych po dopracowanie detali wyko\u0144czeniowych. W ramach takich dzia\u0142a\u0144 uwzgl\u0119dnia si\u0119 zar\u00f3wno aspekty konstrukcyjne, jak i estetyczne, co daje mo\u017cliwo\u015b\u0107 na zbudowanie sp\u00f3jnej i komfortowej przestrzeni.<!--more--><\/p>\n<p>  Prace obejmuj\u0105 w g\u0142\u00f3wnej mierze przygotowanie \u015bcian, pod\u0142\u00f3g, sufit\u00f3w, monta\u017c stolarki wewn\u0119trznej oraz instalacji elektrycznych i hydraulicznych, a tak\u017ce dobieranie odpowiednich materia\u0142\u00f3w i wyko\u0144cze\u0144, kt\u00f3re wp\u0142ywaj\u0105 na funkcjonalno\u015b\u0107 i trwa\u0142o\u015b\u0107 wn\u0119trza.<\/p>\n<p>Wyko\u0144czenie pod klucz jest podej\u015bciem, kt\u00f3re zak\u0142ada wykonanie wszystkich prac wyko\u0144czeniowych w spos\u00f3b rozbudowany, tak a\u017ceby przestrze\u0144 by\u0142a gotowa do zamieszkania lub u\u017cytkowania bez konieczno\u015bci anga\u017cowania dodatkowych podwykonawc\u00f3w. Ten model wymaga wcze\u015bniejszego planowania, w tym ustalenia harmonogramu prac, kolejno\u015bci dzia\u0142a\u0144 i materia\u0142\u00f3w, kt\u00f3re zostan\u0105 zastosowane. Dzi\u0119ki takiemu podej\u015bciu mo\u017cna unikn\u0105\u0107 problem\u00f3w wynikaj\u0105cych z niekoordynowanych prac a tak\u017ce zagwarantowa\u0107 sp\u00f3jno\u015b\u0107 stylistyczn\u0105 wn\u0119trz. W procesie tym wa\u017cna jest te\u017c kontrola jako\u015bci wykonywanych prac, aby wszystkie elementy by\u0142y dopasowane i funkcjonalne, a dobrane materia\u0142y odpowiada\u0142y zamierzonemu efektowi wizualnemu.<\/p>\n<p>Projektowanie i aran\u017cacja wn\u0119trz to odcinek, kt\u00f3ry koncentruje si\u0119 na tworzeniu przestrzeni odpowiadaj\u0105cej potrzebom u\u017cytkownik\u00f3w, ich stylowi \u017cycia a tak\u017ce oczekiwaniom estetycznym. W praktyce obejmuje to wybieranie palety barw, mebli, o\u015bwietlenia, dodatk\u00f3w i materia\u0142\u00f3w wyko\u0144czeniowych w taki spos\u00f3b, a\u017ceby tworzy\u0142y harmonijn\u0105 ca\u0142o\u015b\u0107. W trakcie tego procesu uwzgl\u0119dnia si\u0119 r\u00f3wnie\u017c aspekty ergonomiczne, takie jak optymalne rozmieszczenie mebli, zapewnienie stosownej przestrzeni do poruszania si\u0119 i funkcjonalne rozmieszczenie punkt\u00f3w dost\u0119pu do instalacji. Projektowanie pomieszcze\u0144 mo\u017ce obejmowa\u0107 zar\u00f3wno pojedyncze pomieszczenia, jak i pe\u0142ne mieszkania czy domy, a misj\u0105 jest zbudowanie przestrzeni komfortowej, estetycznej i praktycznej.<\/p>\n<p>Przy kompleksowym podej\u015bciu do wyko\u0144czenia pomieszcze\u0144 istotne jest r\u00f3wnie\u017c uwzgl\u0119dnienie etap\u00f3w koordynacji prac oraz monitorowania post\u0119p\u00f3w, co umo\u017cliwia na terminowe zako\u0144czenie projektu i zachowanie zgodno\u015bci z planem aran\u017cacyjnym. W\u0142a\u015bciwie ka\u017cdy odcinek, od przygotowania powierzchni po monta\u017c element\u00f3w dekoracyjnych, wymaga uwzgl\u0119dnienia szczeg\u00f3\u0142\u00f3w technicznych oraz estetycznych, by ca\u0142o\u015b\u0107 prezentowa\u0142a si\u0119 sp\u00f3jnie i funkcjonowa\u0142a zgodnie z przeznaczeniem. Tego rodzaju kompleksowe dzia\u0142ania umo\u017cliwiaj\u0105 stworzenie przestrzeni, kt\u00f3ra \u0142\u0105czy praktyczno\u015b\u0107 z estetyk\u0105, a jednocze\u015bnie umo\u017cliwia unikn\u0105\u0107 problem\u00f3w wynikaj\u0105cych z nieprzemy\u015blanych modyfikacji albo b\u0142\u0119d\u00f3w wykonawczych, kt\u00f3re mog\u0105 pojawi\u0107 si\u0119 przy fragmentarycznym podej\u015bciu do wyko\u0144czenia pomieszcze\u0144.<br \/>\n<br \/>\u0179r\u00f3d\u0142o: <a href=\"https:\/\/bokastudio17.com\/oferta\/projekt-i-aranzacja-wnetrz\">projektowanie i aran\u017cacja wn\u0119trz wroc\u0142aw<\/a>.<\/p>\n","protected":false},"excerpt":{"rendered":"<p>Tworzenie przestrzeni mieszkalnej albo u\u017cytkowej wymaga przemy\u015blanego podej\u015bcia, kt\u00f3re \u0142\u0105czy funkcjonalno\u015b\u0107 z estetyk\u0105. Kompleksowe wyko\u0144czenie wn\u0119trz obejmuje szereg dzia\u0142a\u0144 maj\u0105cych na celu przygotowanie pomieszcze\u0144 do codziennego u\u017cytkowania, od prac budowlanych&hellip; <\/p>\n","protected":false},"author":1,"featured_media":0,"comment_status":"closed","ping_status":"closed","sticky":false,"template":"","format":"standard","meta":[],"categories":[1],"tags":[],"_links":{"self":[{"href":"http:\/\/materialy.pagestrony.pl\/index.php?rest_route=\/wp\/v2\/posts\/19938"}],"collection":[{"href":"http:\/\/materialy.pagestrony.pl\/index.php?rest_route=\/wp\/v2\/posts"}],"about":[{"href":"http:\/\/materialy.pagestrony.pl\/index.php?rest_route=\/wp\/v2\/types\/post"}],"author":[{"embeddable":true,"href":"http:\/\/materialy.pagestrony.pl\/index.php?rest_route=\/wp\/v2\/users\/1"}],"replies":[{"embeddable":true,"href":"http:\/\/materialy.pagestrony.pl\/index.php?rest_route=%2Fwp%2Fv2%2Fcomments&post=19938"}],"version-history":[{"count":1,"href":"http:\/\/materialy.pagestrony.pl\/index.php?rest_route=\/wp\/v2\/posts\/19938\/revisions"}],"predecessor-version":[{"id":19939,"href":"http:\/\/materialy.pagestrony.pl\/index.php?rest_route=\/wp\/v2\/posts\/19938\/revisions\/19939"}],"wp:attachment":[{"href":"http:\/\/materialy.pagestrony.pl\/index.php?rest_route=%2Fwp%2Fv2%2Fmedia&parent=19938"}],"wp:term":[{"taxonomy":"category","embeddable":true,"href":"http:\/\/materialy.pagestrony.pl\/index.php?rest_route=%2Fwp%2Fv2%2Fcategories&post=19938"},{"taxonomy":"post_tag","embeddable":true,"href":"http:\/\/materialy.pagestrony.pl\/index.php?rest_route=%2Fwp%2Fv2%2Ftags&post=19938"}],"curies":[{"name":"wp","href":"https:\/\/api.w.org\/{rel}","templated":true}]}}